{"id":2317,"date":"2019-02-05T22:46:50","date_gmt":"2019-02-05T22:46:50","guid":{"rendered":"https:\/\/eladd.org\/en\/?p=2317"},"modified":"2019-02-05T22:47:59","modified_gmt":"2019-02-05T22:47:59","slug":"la-cinta-que-conecta-peligro-genero-y-moda-en-el-siglo-xix-peruano","status":"publish","type":"post","link":"https:\/\/eladd.org\/en\/2019\/02\/05\/la-cinta-que-conecta-peligro-genero-y-moda-en-el-siglo-xix-peruano\/","title":{"rendered":"La cinta que conecta peligro, g\u00e9nero y moda en el siglo XIX peruano"},"content":{"rendered":"<p>La mujer latinoamericana del siglo XIX viv\u00eda en una constante tensi\u00f3n entre los asuntos dom\u00e9sticos de la esfera privada y la esfera p\u00fablica masculina. En esta esfera, su presencia era m\u00e1s bien t\u00e9nue, pero ella influ\u00eda muchas veces de manera indirecta.<\/p>\n<p>Europa era un \u00e1rea de influencia importante del siglo XIX, evidente no solo por la literatura, las artes, y las corientes intelectuales sino por la moda. Las revistas publicaban art\u00edculos y anuncios europeos.<\/p>\n<p>Un art\u00edculo en particular, publicado en la revista, La bella lime\u00f1a, publicado entre abril y junio de 1872 en Per\u00fa, revela ejemplos de ambas influencias: las mujeres europeas y la moda femenina. El art\u00edculo, \u201cLo que vale una mujer\u201d presenta casos de mujeres conocidas durante el siglo diecinueve. Estas mujeres llevaron a cabo ciertos actos escandalosos que transgred\u00edan las normas de conducta femenina. Entre ellas el art\u00edculo menciona a Carlota Corday y a Mme. Roland, para nombrar solo dos.<\/p>\n<p>&nbsp;<\/p>\n<div id=\"attachment_2834\" style=\"width: 645px\" class=\"wp-caption aligncenter\"><img loading=\"lazy\" decoding=\"async\" aria-describedby=\"caption-attachment-2834\" class=\"wp-image-2834 size-full\" src=\"https:\/\/eladd.org\/wp-content\/uploads\/2018\/11\/Charlotte_Corday.jpg\" alt=\"\" width=\"635\" height=\"852\" \/><p id=\"caption-attachment-2834\" class=\"wp-caption-text\">\u201cCharlotte Corday,\u201d 1860, by Paul Baudry. (Art Renewal Center) http:\/\/www.art-antiques-design.com\/asia\/569-6-examples-of-how-portraits-of-women-were-manipulated-in-history<\/p><\/div>\n<p>&nbsp;<\/p>\n<div id=\"attachment_2835\" style=\"width: 596px\" class=\"wp-caption aligncenter\"><img loading=\"lazy\" decoding=\"async\" aria-describedby=\"caption-attachment-2835\" class=\"size-full wp-image-2835\" src=\"https:\/\/eladd.org\/wp-content\/uploads\/2018\/11\/wikihistoria_del_arte_de_venezuela.jpg\" alt=\"\" width=\"586\" height=\"432\" \/><p id=\"caption-attachment-2835\" class=\"wp-caption-text\">Wikihistoria del arte de venezuela: http:\/\/vereda.ula.ve\/wiki_artevenezolano\/index.php\/Michelena,_Arturo<\/p><\/div>\n<p>&nbsp;<\/p>\n<div id=\"attachment_2837\" style=\"width: 624px\" class=\"wp-caption aligncenter\"><img loading=\"lazy\" decoding=\"async\" aria-describedby=\"caption-attachment-2837\" class=\"size-full wp-image-2837\" src=\"https:\/\/eladd.org\/wp-content\/uploads\/2018\/11\/Execution_of_madame_roland.jpg\" alt=\"\" width=\"614\" height=\"392\" \/><p id=\"caption-attachment-2837\" class=\"wp-caption-text\">\u201cExecution of Madame Roland.\u201d Executed Today. http:\/\/www.executedtoday.com\/2014\/11\/08\/ Accessed 4\/13\/2016. Web.<\/p><\/div>\n<p>&nbsp;<\/p>\n<p>Sin embargo, estos actos, a veces violentos, est\u00e1n a un extremo del espectro. Por otro lado, Madame de Recamier nos muestra el caso de una mujer que alcanz\u00f3 un alto nivel de influencia y de prestigio en su sociedad.<\/p>\n<p>&nbsp;<\/p>\n<div id=\"attachment_2838\" style=\"width: 843px\" class=\"wp-caption aligncenter\"><img loading=\"lazy\" decoding=\"async\" aria-describedby=\"caption-attachment-2838\" class=\"size-full wp-image-2838\" src=\"https:\/\/eladd.org\/wp-content\/uploads\/2018\/11\/By_jacques-Louis_David.jpg\" alt=\"\" width=\"833\" height=\"568\" \/><p id=\"caption-attachment-2838\" class=\"wp-caption-text\">By Jacques-Louis David &#8211; [1], specifically [2], Public Domain, https:\/\/commons.wikimedia.org\/w\/index.php?curid=91474<\/p><\/div>Madame de Recamier y sus famosas tertulias atra\u00edan personas influyentes, como generales, artistas, pol\u00edticos y fil\u00f3sofos. El autor comparte una historia en particular que nos interesa. Un general pidi\u00f3 un trozo de cinta del vestido de \u00a0Madame Recamier y lo llev\u00f3 siempre en la batalla. Se dice que esta cinta encantadora le dio buena suerte al general y fue \u201ctestigo&#8221; de su victoria. Este ejemplo forma una conexi\u00f3n fundamental entre la moda y la mujer. Esta cinta no solamente representa su modo de vida, sino una extensi\u00f3n de ella misma. As\u00ed, con este trozo de cinta, ella tuvo su peque\u00f1o rinc\u00f3n de influencia sobre el hombre y sobre la vida fuera de su esfera.<\/p>\n<p><img loading=\"lazy\" decoding=\"async\" class=\"aligncenter size-full wp-image-2839\" src=\"https:\/\/eladd.org\/wp-content\/uploads\/2018\/11\/By_jacques-Louis_David_.jpg\" alt=\"\" width=\"1190\" height=\"824\" \/><\/p>\n<p>&nbsp;<\/p>\n<p>Parece que con este ejemplo el autor alude a una cierta falta de agencia en la vida femenina peruana. Aquellas mujeres europeas (como Corday y Roland) llevaron una vida llena de peligro y demostraron su audacia. Por medio de esta cinta, la Se\u00f1ora Recamier encontr\u00f3 un poder que sin ella no exist\u00eda. Sin embargo, esta presencia europea en los peri\u00f3dicos realmente no reflejaba la vida de las mujeres peruanas.<\/p>\n<div id=\"attachment_2840\" style=\"width: 930px\" class=\"wp-caption aligncenter\"><img loading=\"lazy\" decoding=\"async\" aria-describedby=\"caption-attachment-2840\" class=\"wp-image-2840 size-full\" src=\"https:\/\/eladd.org\/wp-content\/uploads\/2018\/11\/tapada_en_la_alameda.jpg\" alt=\"\" width=\"920\" height=\"1065\" \/><p id=\"caption-attachment-2840\" class=\"wp-caption-text\">http:\/\/historum.com\/american-history\/99725-las-tapadas-limenas.html<\/p><\/div>\n<p>Una viajera del siglo XIX, quien visit\u00f3 Lima en 1836, hizo un comentario sobre las lime\u00f1as y sus costumbres. Esa mujer, Flora Trist\u00e1n, era una peruana que naci\u00f3 y creci\u00f3 en Francia, y escribi\u00f3 lo siguiente:<\/p>\n<p>\u201cSe debe tambi\u00e9n hacer notar cu\u00e1n favorable es la indumentaria de las lime\u00f1as para secundar su inteligencia y hacerles adquirir la gran libertad y la influencia dominante de que gozan. Si alguna vez abandonaron aquel traje\u2026 caer\u00e1n muy bajo y ser\u00e1n tan desdichadas como pueden serlo las criaturas humanas\u201d (Peregrinaciones 495)<\/p>\n<p>Seg\u00fan la autora, ellas ya ten\u00edan una cierta libertad en su pa\u00eds. Ya exist\u00eda este modelo de influencia que propon\u00eda el art\u00edculo \u201cLo que vale una mujer\u201d en el Per\u00fa del siglo diecinueve.<\/p>\n<p>&nbsp;<\/p>\n<p>Autores:<\/p>\n<p style=\"padding-left: 30px;\">Alexis Guzm\u00e1n Creano, Ashlee Goite, Rachel Veszpeller.<\/p>\n<p>Bibliograf\u00eda<\/p>\n<p style=\"padding-left: 30px;\">\u201cExecution of Madame Roland.\u201d Executed Today.\u00a0 <a href=\"http:\/\/www.executedtoday.com\/2014\/11\/08\/\">http:\/\/www.executedtoday.com\/2014\/11\/08\/<\/a> Accessed 4\/13\/2016. Web.<br \/>\nJacques-Louis David. \u201cMadame Recamier.\u201d https:\/\/commons.wikimedia.org\/w\/index.php?curid=91474 Accessed 4\/13\/2016. Web.<br \/>\nMichelena, Arturo, \u201cCarlota Corday camino al cadalso.\u201d Wikihistoria del arte venezolano.<br \/>\nhttp:\/\/vereda.ula.ve\/wiki_artevenezolano\/index.php\/Michelena,_Arturo Accessed 4\/13\/2016. Web.<\/p>\n","protected":false},"excerpt":{"rendered":"<p>La mujer latinoamericana del siglo XIX viv&iacute;a en una constante tensi&oacute;n entre los asuntos dom&eacute;sticos de la esfera privada y la esfera p&uacute;blica masculina. En esta esfera, su presencia era m&aacute;s bien t&eacute;nue, pero ella influ&iacute;a muchas veces de manera&hellip;<\/p>\n","protected":false},"author":2,"featured_media":2318,"comment_status":"open","ping_status":"open","sticky":false,"template":"","format":"standard","meta":{"footnotes":""},"categories":[1],"tags":[],"class_list":["post-2317","post","type-post","status-publish","format-standard","has-post-thumbnail","hentry","category-sin-categoria","entry","has-media"],"yoast_head":"<!-- This site is optimized with the Yoast SEO plugin v26.1.1 - https:\/\/yoast.com\/wordpress\/plugins\/seo\/ -->\n<title>La cinta que conecta peligro, g\u00e9nero y moda en el siglo XIX peruano - Eladd En<\/title>\n<meta name=\"robots\" content=\"index, follow, max-snippet:-1, max-image-preview:large, max-video-preview:-1\" \/>\n<link rel=\"canonical\" href=\"https:\/\/eladd.org\/en\/2019\/02\/05\/la-cinta-que-conecta-peligro-genero-y-moda-en-el-siglo-xix-peruano\/\" \/>\n<meta property=\"og:locale\" content=\"en_US\" \/>\n<meta property=\"og:type\" content=\"article\" \/>\n<meta property=\"og:title\" content=\"La cinta que conecta peligro, g\u00e9nero y moda en el siglo XIX peruano - Eladd En\" \/>\n<meta property=\"og:description\" content=\"La mujer latinoamericana del siglo XIX viv&iacute;a en una constante tensi&oacute;n entre los asuntos dom&eacute;sticos de la esfera privada y la esfera p&uacute;blica masculina. En esta esfera, su presencia era m&aacute;s bien t&eacute;nue, pero ella influ&iacute;a muchas veces de manera&hellip;\" \/>\n<meta property=\"og:url\" content=\"https:\/\/eladd.org\/en\/2019\/02\/05\/la-cinta-que-conecta-peligro-genero-y-moda-en-el-siglo-xix-peruano\/\" \/>\n<meta property=\"og:site_name\" content=\"Eladd En\" \/>\n<meta property=\"article:published_time\" content=\"2019-02-05T22:46:50+00:00\" \/>\n<meta property=\"article:modified_time\" content=\"2019-02-05T22:47:59+00:00\" \/>\n<meta property=\"og:image\" content=\"https:\/\/eladd.org\/en\/wp-content\/uploads\/sites\/2\/2019\/02\/Charlotte_Corday.jpg\" \/>\n\t<meta property=\"og:image:width\" content=\"635\" \/>\n\t<meta property=\"og:image:height\" content=\"852\" \/>\n\t<meta property=\"og:image:type\" content=\"image\/jpeg\" \/>\n<meta name=\"author\" content=\"nellyeladd\" \/>\n<meta name=\"twitter:card\" content=\"summary_large_image\" \/>\n<meta name=\"twitter:label1\" content=\"Written by\" \/>\n\t<meta name=\"twitter:data1\" content=\"nellyeladd\" \/>\n\t<meta name=\"twitter:label2\" content=\"Est. reading time\" \/>\n\t<meta name=\"twitter:data2\" content=\"3 minutes\" \/>\n<script type=\"application\/ld+json\" class=\"yoast-schema-graph\">{\"@context\":\"https:\/\/schema.org\",\"@graph\":[{\"@type\":\"Article\",\"@id\":\"https:\/\/eladd.org\/en\/2019\/02\/05\/la-cinta-que-conecta-peligro-genero-y-moda-en-el-siglo-xix-peruano\/#article\",\"isPartOf\":{\"@id\":\"https:\/\/eladd.org\/en\/2019\/02\/05\/la-cinta-que-conecta-peligro-genero-y-moda-en-el-siglo-xix-peruano\/\"},\"author\":{\"name\":\"nellyeladd\",\"@id\":\"https:\/\/eladd.org\/en\/#\/schema\/person\/613ad3efbe0f453ace44abfbd6c92df8\"},\"headline\":\"La cinta que conecta peligro, g\u00e9nero y moda en el siglo XIX peruano\",\"datePublished\":\"2019-02-05T22:46:50+00:00\",\"dateModified\":\"2019-02-05T22:47:59+00:00\",\"mainEntityOfPage\":{\"@id\":\"https:\/\/eladd.org\/en\/2019\/02\/05\/la-cinta-que-conecta-peligro-genero-y-moda-en-el-siglo-xix-peruano\/\"},\"wordCount\":708,\"commentCount\":1,\"publisher\":{\"@id\":\"https:\/\/eladd.org\/en\/#organization\"},\"image\":{\"@id\":\"https:\/\/eladd.org\/en\/2019\/02\/05\/la-cinta-que-conecta-peligro-genero-y-moda-en-el-siglo-xix-peruano\/#primaryimage\"},\"thumbnailUrl\":\"https:\/\/eladd.org\/en\/wp-content\/uploads\/sites\/2\/2019\/02\/Charlotte_Corday.jpg\",\"articleSection\":[\"Sin categor\u00eda\"],\"inLanguage\":\"en-US\",\"potentialAction\":[{\"@type\":\"CommentAction\",\"name\":\"Comment\",\"target\":[\"https:\/\/eladd.org\/en\/2019\/02\/05\/la-cinta-que-conecta-peligro-genero-y-moda-en-el-siglo-xix-peruano\/#respond\"]}]},{\"@type\":\"WebPage\",\"@id\":\"https:\/\/eladd.org\/en\/2019\/02\/05\/la-cinta-que-conecta-peligro-genero-y-moda-en-el-siglo-xix-peruano\/\",\"url\":\"https:\/\/eladd.org\/en\/2019\/02\/05\/la-cinta-que-conecta-peligro-genero-y-moda-en-el-siglo-xix-peruano\/\",\"name\":\"La cinta que conecta peligro, g\u00e9nero y moda en el siglo XIX peruano - Eladd En\",\"isPartOf\":{\"@id\":\"https:\/\/eladd.org\/en\/#website\"},\"primaryImageOfPage\":{\"@id\":\"https:\/\/eladd.org\/en\/2019\/02\/05\/la-cinta-que-conecta-peligro-genero-y-moda-en-el-siglo-xix-peruano\/#primaryimage\"},\"image\":{\"@id\":\"https:\/\/eladd.org\/en\/2019\/02\/05\/la-cinta-que-conecta-peligro-genero-y-moda-en-el-siglo-xix-peruano\/#primaryimage\"},\"thumbnailUrl\":\"https:\/\/eladd.org\/en\/wp-content\/uploads\/sites\/2\/2019\/02\/Charlotte_Corday.jpg\",\"datePublished\":\"2019-02-05T22:46:50+00:00\",\"dateModified\":\"2019-02-05T22:47:59+00:00\",\"breadcrumb\":{\"@id\":\"https:\/\/eladd.org\/en\/2019\/02\/05\/la-cinta-que-conecta-peligro-genero-y-moda-en-el-siglo-xix-peruano\/#breadcrumb\"},\"inLanguage\":\"en-US\",\"potentialAction\":[{\"@type\":\"ReadAction\",\"target\":[\"https:\/\/eladd.org\/en\/2019\/02\/05\/la-cinta-que-conecta-peligro-genero-y-moda-en-el-siglo-xix-peruano\/\"]}]},{\"@type\":\"ImageObject\",\"inLanguage\":\"en-US\",\"@id\":\"https:\/\/eladd.org\/en\/2019\/02\/05\/la-cinta-que-conecta-peligro-genero-y-moda-en-el-siglo-xix-peruano\/#primaryimage\",\"url\":\"https:\/\/eladd.org\/en\/wp-content\/uploads\/sites\/2\/2019\/02\/Charlotte_Corday.jpg\",\"contentUrl\":\"https:\/\/eladd.org\/en\/wp-content\/uploads\/sites\/2\/2019\/02\/Charlotte_Corday.jpg\",\"width\":635,\"height\":852},{\"@type\":\"BreadcrumbList\",\"@id\":\"https:\/\/eladd.org\/en\/2019\/02\/05\/la-cinta-que-conecta-peligro-genero-y-moda-en-el-siglo-xix-peruano\/#breadcrumb\",\"itemListElement\":[{\"@type\":\"ListItem\",\"position\":1,\"name\":\"Home\",\"item\":\"https:\/\/eladd.org\/en\/\"},{\"@type\":\"ListItem\",\"position\":2,\"name\":\"La cinta que conecta peligro, g\u00e9nero y moda en el siglo XIX peruano\"}]},{\"@type\":\"WebSite\",\"@id\":\"https:\/\/eladd.org\/en\/#website\",\"url\":\"https:\/\/eladd.org\/en\/\",\"name\":\"Eladd En\",\"description\":\"Ninteenth-Century Latin American Women Writers\",\"publisher\":{\"@id\":\"https:\/\/eladd.org\/en\/#organization\"},\"potentialAction\":[{\"@type\":\"SearchAction\",\"target\":{\"@type\":\"EntryPoint\",\"urlTemplate\":\"https:\/\/eladd.org\/en\/?s={search_term_string}\"},\"query-input\":{\"@type\":\"PropertyValueSpecification\",\"valueRequired\":true,\"valueName\":\"search_term_string\"}}],\"inLanguage\":\"en-US\"},{\"@type\":\"Organization\",\"@id\":\"https:\/\/eladd.org\/en\/#organization\",\"name\":\"Eladd En\",\"url\":\"https:\/\/eladd.org\/en\/\",\"logo\":{\"@type\":\"ImageObject\",\"inLanguage\":\"en-US\",\"@id\":\"https:\/\/eladd.org\/en\/#\/schema\/logo\/image\/\",\"url\":\"https:\/\/eladd.org\/en\/wp-content\/uploads\/sites\/2\/2025\/07\/logo-eladd.png\",\"contentUrl\":\"https:\/\/eladd.org\/en\/wp-content\/uploads\/sites\/2\/2025\/07\/logo-eladd.png\",\"width\":324,\"height\":77,\"caption\":\"Eladd En\"},\"image\":{\"@id\":\"https:\/\/eladd.org\/en\/#\/schema\/logo\/image\/\"}},{\"@type\":\"Person\",\"@id\":\"https:\/\/eladd.org\/en\/#\/schema\/person\/613ad3efbe0f453ace44abfbd6c92df8\",\"name\":\"nellyeladd\",\"image\":{\"@type\":\"ImageObject\",\"inLanguage\":\"en-US\",\"@id\":\"https:\/\/eladd.org\/en\/#\/schema\/person\/image\/\",\"url\":\"https:\/\/secure.gravatar.com\/avatar\/6a639b900b06cbb3d5f5e031fbddef519251bf9ea50bd85edaa0ca7a4c500fe6?s=96&d=mm&r=g\",\"contentUrl\":\"https:\/\/secure.gravatar.com\/avatar\/6a639b900b06cbb3d5f5e031fbddef519251bf9ea50bd85edaa0ca7a4c500fe6?s=96&d=mm&r=g\",\"caption\":\"nellyeladd\"},\"url\":\"https:\/\/eladd.org\/en\/author\/nellyeladd\/\"}]}<\/script>\n<!-- \/ Yoast SEO plugin. -->","yoast_head_json":{"title":"La cinta que conecta peligro, g\u00e9nero y moda en el siglo XIX peruano - Eladd En","robots":{"index":"index","follow":"follow","max-snippet":"max-snippet:-1","max-image-preview":"max-image-preview:large","max-video-preview":"max-video-preview:-1"},"canonical":"https:\/\/eladd.org\/en\/2019\/02\/05\/la-cinta-que-conecta-peligro-genero-y-moda-en-el-siglo-xix-peruano\/","og_locale":"en_US","og_type":"article","og_title":"La cinta que conecta peligro, g\u00e9nero y moda en el siglo XIX peruano - Eladd En","og_description":"La mujer latinoamericana del siglo XIX viv&iacute;a en una constante tensi&oacute;n entre los asuntos dom&eacute;sticos de la esfera privada y la esfera p&uacute;blica masculina. En esta esfera, su presencia era m&aacute;s bien t&eacute;nue, pero ella influ&iacute;a muchas veces de manera&hellip;","og_url":"https:\/\/eladd.org\/en\/2019\/02\/05\/la-cinta-que-conecta-peligro-genero-y-moda-en-el-siglo-xix-peruano\/","og_site_name":"Eladd En","article_published_time":"2019-02-05T22:46:50+00:00","article_modified_time":"2019-02-05T22:47:59+00:00","og_image":[{"width":635,"height":852,"url":"https:\/\/eladd.org\/en\/wp-content\/uploads\/sites\/2\/2019\/02\/Charlotte_Corday.jpg","type":"image\/jpeg"}],"author":"nellyeladd","twitter_card":"summary_large_image","twitter_misc":{"Written by":"nellyeladd","Est. reading time":"3 minutes"},"schema":{"@context":"https:\/\/schema.org","@graph":[{"@type":"Article","@id":"https:\/\/eladd.org\/en\/2019\/02\/05\/la-cinta-que-conecta-peligro-genero-y-moda-en-el-siglo-xix-peruano\/#article","isPartOf":{"@id":"https:\/\/eladd.org\/en\/2019\/02\/05\/la-cinta-que-conecta-peligro-genero-y-moda-en-el-siglo-xix-peruano\/"},"author":{"name":"nellyeladd","@id":"https:\/\/eladd.org\/en\/#\/schema\/person\/613ad3efbe0f453ace44abfbd6c92df8"},"headline":"La cinta que conecta peligro, g\u00e9nero y moda en el siglo XIX peruano","datePublished":"2019-02-05T22:46:50+00:00","dateModified":"2019-02-05T22:47:59+00:00","mainEntityOfPage":{"@id":"https:\/\/eladd.org\/en\/2019\/02\/05\/la-cinta-que-conecta-peligro-genero-y-moda-en-el-siglo-xix-peruano\/"},"wordCount":708,"commentCount":1,"publisher":{"@id":"https:\/\/eladd.org\/en\/#organization"},"image":{"@id":"https:\/\/eladd.org\/en\/2019\/02\/05\/la-cinta-que-conecta-peligro-genero-y-moda-en-el-siglo-xix-peruano\/#primaryimage"},"thumbnailUrl":"https:\/\/eladd.org\/en\/wp-content\/uploads\/sites\/2\/2019\/02\/Charlotte_Corday.jpg","articleSection":["Sin categor\u00eda"],"inLanguage":"en-US","potentialAction":[{"@type":"CommentAction","name":"Comment","target":["https:\/\/eladd.org\/en\/2019\/02\/05\/la-cinta-que-conecta-peligro-genero-y-moda-en-el-siglo-xix-peruano\/#respond"]}]},{"@type":"WebPage","@id":"https:\/\/eladd.org\/en\/2019\/02\/05\/la-cinta-que-conecta-peligro-genero-y-moda-en-el-siglo-xix-peruano\/","url":"https:\/\/eladd.org\/en\/2019\/02\/05\/la-cinta-que-conecta-peligro-genero-y-moda-en-el-siglo-xix-peruano\/","name":"La cinta que conecta peligro, g\u00e9nero y moda en el siglo XIX peruano - Eladd En","isPartOf":{"@id":"https:\/\/eladd.org\/en\/#website"},"primaryImageOfPage":{"@id":"https:\/\/eladd.org\/en\/2019\/02\/05\/la-cinta-que-conecta-peligro-genero-y-moda-en-el-siglo-xix-peruano\/#primaryimage"},"image":{"@id":"https:\/\/eladd.org\/en\/2019\/02\/05\/la-cinta-que-conecta-peligro-genero-y-moda-en-el-siglo-xix-peruano\/#primaryimage"},"thumbnailUrl":"https:\/\/eladd.org\/en\/wp-content\/uploads\/sites\/2\/2019\/02\/Charlotte_Corday.jpg","datePublished":"2019-02-05T22:46:50+00:00","dateModified":"2019-02-05T22:47:59+00:00","breadcrumb":{"@id":"https:\/\/eladd.org\/en\/2019\/02\/05\/la-cinta-que-conecta-peligro-genero-y-moda-en-el-siglo-xix-peruano\/#breadcrumb"},"inLanguage":"en-US","potentialAction":[{"@type":"ReadAction","target":["https:\/\/eladd.org\/en\/2019\/02\/05\/la-cinta-que-conecta-peligro-genero-y-moda-en-el-siglo-xix-peruano\/"]}]},{"@type":"ImageObject","inLanguage":"en-US","@id":"https:\/\/eladd.org\/en\/2019\/02\/05\/la-cinta-que-conecta-peligro-genero-y-moda-en-el-siglo-xix-peruano\/#primaryimage","url":"https:\/\/eladd.org\/en\/wp-content\/uploads\/sites\/2\/2019\/02\/Charlotte_Corday.jpg","contentUrl":"https:\/\/eladd.org\/en\/wp-content\/uploads\/sites\/2\/2019\/02\/Charlotte_Corday.jpg","width":635,"height":852},{"@type":"BreadcrumbList","@id":"https:\/\/eladd.org\/en\/2019\/02\/05\/la-cinta-que-conecta-peligro-genero-y-moda-en-el-siglo-xix-peruano\/#breadcrumb","itemListElement":[{"@type":"ListItem","position":1,"name":"Home","item":"https:\/\/eladd.org\/en\/"},{"@type":"ListItem","position":2,"name":"La cinta que conecta peligro, g\u00e9nero y moda en el siglo XIX peruano"}]},{"@type":"WebSite","@id":"https:\/\/eladd.org\/en\/#website","url":"https:\/\/eladd.org\/en\/","name":"Eladd En","description":"Ninteenth-Century Latin American Women Writers","publisher":{"@id":"https:\/\/eladd.org\/en\/#organization"},"potentialAction":[{"@type":"SearchAction","target":{"@type":"EntryPoint","urlTemplate":"https:\/\/eladd.org\/en\/?s={search_term_string}"},"query-input":{"@type":"PropertyValueSpecification","valueRequired":true,"valueName":"search_term_string"}}],"inLanguage":"en-US"},{"@type":"Organization","@id":"https:\/\/eladd.org\/en\/#organization","name":"Eladd En","url":"https:\/\/eladd.org\/en\/","logo":{"@type":"ImageObject","inLanguage":"en-US","@id":"https:\/\/eladd.org\/en\/#\/schema\/logo\/image\/","url":"https:\/\/eladd.org\/en\/wp-content\/uploads\/sites\/2\/2025\/07\/logo-eladd.png","contentUrl":"https:\/\/eladd.org\/en\/wp-content\/uploads\/sites\/2\/2025\/07\/logo-eladd.png","width":324,"height":77,"caption":"Eladd En"},"image":{"@id":"https:\/\/eladd.org\/en\/#\/schema\/logo\/image\/"}},{"@type":"Person","@id":"https:\/\/eladd.org\/en\/#\/schema\/person\/613ad3efbe0f453ace44abfbd6c92df8","name":"nellyeladd","image":{"@type":"ImageObject","inLanguage":"en-US","@id":"https:\/\/eladd.org\/en\/#\/schema\/person\/image\/","url":"https:\/\/secure.gravatar.com\/avatar\/6a639b900b06cbb3d5f5e031fbddef519251bf9ea50bd85edaa0ca7a4c500fe6?s=96&d=mm&r=g","contentUrl":"https:\/\/secure.gravatar.com\/avatar\/6a639b900b06cbb3d5f5e031fbddef519251bf9ea50bd85edaa0ca7a4c500fe6?s=96&d=mm&r=g","caption":"nellyeladd"},"url":"https:\/\/eladd.org\/en\/author\/nellyeladd\/"}]}},"_links":{"self":[{"href":"https:\/\/eladd.org\/en\/wp-json\/wp\/v2\/posts\/2317","targetHints":{"allow":["GET"]}}],"collection":[{"href":"https:\/\/eladd.org\/en\/wp-json\/wp\/v2\/posts"}],"about":[{"href":"https:\/\/eladd.org\/en\/wp-json\/wp\/v2\/types\/post"}],"author":[{"embeddable":true,"href":"https:\/\/eladd.org\/en\/wp-json\/wp\/v2\/users\/2"}],"replies":[{"embeddable":true,"href":"https:\/\/eladd.org\/en\/wp-json\/wp\/v2\/comments?post=2317"}],"version-history":[{"count":1,"href":"https:\/\/eladd.org\/en\/wp-json\/wp\/v2\/posts\/2317\/revisions"}],"predecessor-version":[{"id":2319,"href":"https:\/\/eladd.org\/en\/wp-json\/wp\/v2\/posts\/2317\/revisions\/2319"}],"wp:featuredmedia":[{"embeddable":true,"href":"https:\/\/eladd.org\/en\/wp-json\/wp\/v2\/media\/2318"}],"wp:attachment":[{"href":"https:\/\/eladd.org\/en\/wp-json\/wp\/v2\/media?parent=2317"}],"wp:term":[{"taxonomy":"category","embeddable":true,"href":"https:\/\/eladd.org\/en\/wp-json\/wp\/v2\/categories?post=2317"},{"taxonomy":"post_tag","embeddable":true,"href":"https:\/\/eladd.org\/en\/wp-json\/wp\/v2\/tags?post=2317"}],"curies":[{"name":"wp","href":"https:\/\/api.w.org\/{rel}","templated":true}]}}